{"id":771,"date":"2025-07-10T15:32:18","date_gmt":"2025-07-10T15:32:18","guid":{"rendered":"https:\/\/luismigueldantas.com\/?p=771"},"modified":"2025-07-10T22:32:50","modified_gmt":"2025-07-10T22:32:50","slug":"flores-dos-decanatos-um-jardim-arquetipico-do-zodiaco","status":"publish","type":"post","link":"https:\/\/luismigueldantas.com\/index.php\/2025\/07\/10\/flores-dos-decanatos-um-jardim-arquetipico-do-zodiaco\/","title":{"rendered":"Flores dos Decanatos: Um Jardim Arquet\u00edpico do Zod\u00edaco"},"content":{"rendered":"\n<p style=\"letter-spacing:1px\">Na astrologia, cada signo solar divide-se em tr\u00eas decanatos de 10 graus, formando uma mandala vibracional onde diferentes nuances daquele signo se expressam com mais profundidade. Estes decanatos funcionam como notas distintas de uma mesma melodia: o primeiro \u00e9 o tom puro do signo, o segundo incorpora tra\u00e7os do signo do mesmo elemento que o sucede, e o terceiro, do signo seguinte ainda do mesmo elemento. Assim, o signo \u00e9 enriquecido e matizado por influ\u00eancias subtis, que tornam cada nascimento um acto verdadeiramente \u00fanico:<\/p>\n\n\n\n<ul class=\"wp-block-list\">\n<li style=\"letter-spacing:1px\"><strong>1.\u00ba decanato<\/strong>:\n<ul class=\"wp-block-list\">\n<li><strong>Graus<\/strong>: 0\u00b0 a 9\u00b059&#8242;;<\/li>\n\n\n\n<li><strong>Dias aproximados*<\/strong>: Dias iniciais do signo (ex: 21 a 30 de mar\u00e7o em Carneiro);<\/li>\n\n\n\n<li><strong>Influ\u00eancia<\/strong>: <strong>Mais puro<\/strong>, energia essencial do signo.<\/li>\n<\/ul>\n<\/li>\n\n\n\n<li style=\"letter-spacing:1px\"><strong>2.\u00ba decanato<\/strong>:\n<ul class=\"wp-block-list\">\n<li><strong>Graus<\/strong>: 10\u00b0 a 19\u00b059&#8242;;<\/li>\n\n\n\n<li><strong>Dias aproximados*<\/strong>: Dias interm\u00e9dios;<\/li>\n\n\n\n<li><strong>Influ\u00eancia<\/strong>: Mistura com outro signo do mesmo elemento.<\/li>\n<\/ul>\n<\/li>\n\n\n\n<li style=\"letter-spacing:1px\"><strong>3.\u00ba decanato<\/strong>:\n<ul class=\"wp-block-list\">\n<li><strong>Graus<\/strong>: 20\u00b0 a 29\u00b059&#8242;;<\/li>\n\n\n\n<li><strong>Dias aproximados*<\/strong>: Dias finais do signo;<\/li>\n\n\n\n<li><strong>Influ\u00eancia<\/strong>: Outra nuance dentro do mesmo elemento.<\/li>\n<\/ul>\n<\/li>\n<\/ul>\n\n\n\n<p class=\"has-text-align-right\" style=\"letter-spacing:1px\">                                           *As datas podem variar ligeiramente consoante o ano e o fuso hor\u00e1rio. Para saber exactamente, o ideal \u00e9 ver o grau do Sol no mapa astral.<\/p>\n\n\n\n<p style=\"letter-spacing:1px\">As flores, enquanto express\u00f5es da alma da natureza, s\u00e3o ve\u00edculos vibracionais e simb\u00f3licos que espelham os atributos de cada decanato: algumas florescem com exuber\u00e2ncia, outras em sil\u00eancio; umas curam, outras inebriam; todas tocam, de alguma forma, o cora\u00e7\u00e3o e o esp\u00edrito humano. Este artigo prop\u00f5e uma interpreta\u00e7\u00e3o po\u00e9tica e arquet\u00edpica das flores que ressoam com os 36 decanatos do zod\u00edaco, criando um verdadeiro jardim estelar. Esta associa\u00e7\u00e3o n\u00e3o se baseia em calend\u00e1rios agr\u00edcolas, mas sim em afinidades energ\u00e9ticas, espirituais e simb\u00f3licas entre os arqu\u00e9tipos astrol\u00f3gicos e a linguagem sens\u00edvel do reino floral.<\/p>\n\n\n\n<hr class=\"wp-block-separator has-alpha-channel-opacity\"\/>\n\n\n\n<h3 class=\"wp-block-heading\" style=\"letter-spacing:1px\"><strong>\u2648 Carneiro<\/strong> <strong>\u2013 O Fogo Impetuoso<\/strong> <\/h3>\n\n\n\n<h4 class=\"wp-block-heading has-text-align-left\" style=\"letter-spacing:1px\">1.\u00ba decanato (21\u201330 de Mar\u00e7o)<\/h4>\n\n\n\n<p class=\"has-text-align-left\" style=\"letter-spacing:1px\">Reg\u00eancia de Marte \u2192 Intensidade pura, impulso pioneiro, coragem inata e necessidade de ac\u00e7\u00e3o imediata.<\/p>\n\n\n\n<h5 class=\"wp-block-heading has-text-align-left\" style=\"letter-spacing:1px\">Malagueta em flor<\/h5>\n\n\n\n<p style=\"letter-spacing:1px\">Representa o fogo primordial e a centelha do in\u00edcio. A flor da malagueta \u00e9 pequena mas poderosa, evocando coragem, impulso e inicia\u00e7\u00e3o.<\/p>\n\n\n\n<h4 class=\"wp-block-heading has-text-align-left\" style=\"letter-spacing:1px\">2.\u00ba decanato (31 de Mar\u00e7o \u2013 9 de Abril)<\/h4>\n\n\n\n<p class=\"has-text-align-left\" style=\"letter-spacing:1px\">Reg\u00eancia do Sol \u2192 Lideran\u00e7a natural, criatividade, desejo de destaque e express\u00e3o vibrante da individualidade.<\/p>\n\n\n\n<h5 class=\"wp-block-heading has-text-align-left\" style=\"letter-spacing:1px\">Girassol<\/h5>\n\n\n\n<p style=\"letter-spacing:1px\">Voltado para o sol, representa vitalidade, brilho e auto-afirma\u00e7\u00e3o. Canaliza a confian\u00e7a solar e a alegria do meio do signo.<\/p>\n\n\n\n<h4 class=\"wp-block-heading\" style=\"letter-spacing:1px\">3.\u00ba decanato (10\u201319 de Abril)<\/h4>\n\n\n\n<p style=\"letter-spacing:1px\">Reg\u00eancia de J\u00fapiter \u2192 Expans\u00e3o da for\u00e7a com um desejo de conhecimento, justi\u00e7a e crescimento pessoal.<\/p>\n\n\n\n<h5 class=\"wp-block-heading has-text-align-left\" style=\"letter-spacing:1px\">Alecrim em flor<\/h5>\n\n\n\n<p style=\"letter-spacing:1px\">S\u00edmbolo de expans\u00e3o consciente, mem\u00f3ria e clareza. Harmoniza o entusiasmo com sabedoria.<\/p>\n\n\n\n<hr class=\"wp-block-separator has-alpha-channel-opacity\"\/>\n\n\n\n<h3 class=\"wp-block-heading\" style=\"letter-spacing:1px\"><strong>\u2649 Touro \u2013 A Sensualidade da Terra <\/strong><\/h3>\n\n\n\n<h4 class=\"wp-block-heading\" style=\"letter-spacing:1px\">1.\u00ba decanato (20\u201329 de Abril)<\/h4>\n\n\n\n<p style=\"letter-spacing:1px\">Reg\u00eancia de V\u00e9nus \u2192 Sensualidade, procura por conforto, aprecia\u00e7\u00e3o da beleza e estabilidade emocional.<\/p>\n\n\n\n<h5 class=\"wp-block-heading\" style=\"letter-spacing:1px\">Rosa Damascena<\/h5>\n\n\n\n<p style=\"letter-spacing:1px\">Perfume luxuoso, s\u00edmbolo de beleza, prazer e sensualidade. Expressa a V\u00e9nus terrestre.<\/p>\n\n\n\n<h4 class=\"wp-block-heading\" style=\"letter-spacing:1px\">2.\u00ba decanato (30 de Abril \u2013 9 de Maio)<\/h4>\n\n\n\n<p style=\"letter-spacing:1px\">Reg\u00eancia de Merc\u00fario \u2192 Mentalidade pr\u00e1tica, habilidade comunicativa e forte conex\u00e3o com os sentidos.<\/p>\n\n\n\n<h5 class=\"wp-block-heading\" style=\"letter-spacing:1px\">Lavanda<\/h5>\n\n\n\n<p style=\"letter-spacing:1px\">Serenidade e liga\u00e7\u00e3o \u00e0 natureza. Proporciona equil\u00edbrio ao corpo e \u00e0 mente.<\/p>\n\n\n\n<h4 class=\"wp-block-heading\" style=\"letter-spacing:1px\">3.\u00ba decanato (10\u201320 de Maio)<\/h4>\n\n\n\n<p style=\"letter-spacing:1px\">Reg\u00eancia de Saturno \u2192 Persist\u00eancia, disciplina e constru\u00e7\u00e3o de seguran\u00e7a a longo prazo.<\/p>\n\n\n\n<h5 class=\"wp-block-heading\" style=\"letter-spacing:1px\">L\u00edrio-do-vale<\/h5>\n\n\n\n<p style=\"letter-spacing:1px\">Delicado e resiliente. Inspira estrutura, maturidade e sabedoria emocional.<\/p>\n\n\n\n<hr class=\"wp-block-separator has-alpha-channel-opacity\"\/>\n\n\n\n<h3 class=\"wp-block-heading\" style=\"letter-spacing:1px\"><strong>\u264a G\u00e9meos \u2013 O Voo da Mente<\/strong> <\/h3>\n\n\n\n<h4 class=\"wp-block-heading\" style=\"letter-spacing:1px\">1.\u00ba decanato (21\u201331 de Maio)<\/h4>\n\n\n\n<p style=\"letter-spacing:1px\">Reg\u00eancia de Merc\u00fario \u2192 Intelecto r\u00e1pido, curiosidade insaci\u00e1vel e facilidade na comunica\u00e7\u00e3o.<\/p>\n\n\n\n<h5 class=\"wp-block-heading\" style=\"letter-spacing:1px\">Bergamota<\/h5>\n\n\n\n<p style=\"letter-spacing:1px\">Aroma estimulante e leve. Abre canais mentais e promove a express\u00e3o clara.<\/p>\n\n\n\n<h4 class=\"wp-block-heading\" style=\"letter-spacing:1px\">2.\u00ba decanato (1\u201310 de Junho)<\/h4>\n\n\n\n<p style=\"letter-spacing:1px\">Reg\u00eancia de V\u00e9nus \u2192 Comunica\u00e7\u00e3o refinada, sociabilidade encantadora e criatividade mental.<\/p>\n\n\n\n<h5 class=\"wp-block-heading\" style=\"letter-spacing:2px\">Jasmim<\/h5>\n\n\n\n<p style=\"letter-spacing:1px\">Floral e envolvente, traduz a sedu\u00e7\u00e3o verbal, o encantamento comunicativo.<\/p>\n\n\n\n<h4 class=\"wp-block-heading\" style=\"letter-spacing:1px\">3.\u00ba decanato (11\u201320 de Junho)<\/h4>\n\n\n\n<p style=\"letter-spacing:1px\">Reg\u00eancia de Urano \u2192 Pensamento inovador, mente revolucion\u00e1ria e tend\u00eancia \u00e0 imprevisibilidade.<\/p>\n\n\n\n<h5 class=\"wp-block-heading\" style=\"letter-spacing:1px\">Cardamomo<\/h5>\n\n\n\n<p style=\"letter-spacing:1px\">Arom\u00e1tico e picante, desperta a mente superior e o pensamento criativo.<\/p>\n\n\n\n<hr class=\"wp-block-separator has-alpha-channel-opacity\"\/>\n\n\n\n<h3 class=\"wp-block-heading\" style=\"letter-spacing:1px\"><strong>\u264b Caranguejo<\/strong> \u2013<strong> A Emo\u00e7\u00e3o das \u00c1guas Profundas <\/strong><\/h3>\n\n\n\n<h4 class=\"wp-block-heading\" style=\"letter-spacing:1px\">1.\u00ba decanato (21 de Junho \u2013 1 de Julho)<\/h4>\n\n\n\n<p style=\"letter-spacing:1px\">Reg\u00eancia da Lua \u2192 Emo\u00e7\u00f5es profundas, conex\u00e3o com o passado e instinto maternal protector.<\/p>\n\n\n\n<h5 class=\"wp-block-heading\" style=\"letter-spacing:1px\">Baunilha<\/h5>\n\n\n\n<p style=\"letter-spacing:1px\">Do\u00e7ura e aconchego emocional. Recorda\u00e7\u00f5es de inf\u00e2ncia e cuidado maternal.<\/p>\n\n\n\n<h4 class=\"wp-block-heading\" style=\"letter-spacing:1px\">2.\u00ba decanato (2\u201311 de Julho)<\/h4>\n\n\n\n<p style=\"letter-spacing:1px\">Reg\u00eancia de Plut\u00e3o \u2192 Sensibilidade combativa, for\u00e7a emocional e necessidade de auto-afirma\u00e7\u00e3o.<\/p>\n\n\n\n<h5 class=\"wp-block-heading\" style=\"letter-spacing:1px\">Canela<\/h5>\n\n\n\n<p style=\"letter-spacing:1px\">Afecto intenso, paix\u00e3o protegida e coragem emocional.<\/p>\n\n\n\n<h4 class=\"wp-block-heading\" style=\"letter-spacing:1px\">3.\u00ba decanato (12\u201322 de Julho)<\/h4>\n\n\n\n<p style=\"letter-spacing:1px\">Reg\u00eancia de Neptuno \u2192 Expans\u00e3o emocional, intui\u00e7\u00e3o agu\u00e7ada e procura por significado nas emo\u00e7\u00f5es.<\/p>\n\n\n\n<h5 class=\"wp-block-heading\" style=\"letter-spacing:1px\">Flor de L\u00f3tus<\/h5>\n\n\n\n<p style=\"letter-spacing:1px\">Emerg\u00eancia espiritual atrav\u00e9s das \u00e1guas profundas da alma.<\/p>\n\n\n\n<hr class=\"wp-block-separator has-alpha-channel-opacity\"\/>\n\n\n\n<h3 class=\"wp-block-heading\" style=\"letter-spacing:1px\"><strong>\u264c Le\u00e3o<\/strong> \u2013 <strong>O Calor Radiante <\/strong><\/h3>\n\n\n\n<h4 class=\"wp-block-heading\" style=\"letter-spacing:1px\">1.\u00ba decanato (23 de Julho \u2013 2 de Agosto)<\/h4>\n\n\n\n<p style=\"letter-spacing:1px\">Reg\u00eancia do Sol \u2192 Autoconfian\u00e7a radiante, magnetismo pessoal e necessidade de express\u00e3o criativa.<\/p>\n\n\n\n<h5 class=\"wp-block-heading\" style=\"letter-spacing:1px\">Flor de Laranjeira<\/h5>\n\n\n\n<p style=\"letter-spacing:1px\">Brilho, auto-express\u00e3o, celebra\u00e7\u00e3o do eu radiante.<\/p>\n\n\n\n<h4 class=\"wp-block-heading\" style=\"letter-spacing:1px\">2.\u00ba decanato (3\u201312 de Agosto)<\/h4>\n\n\n\n<p style=\"letter-spacing:1px\">Reg\u00eancia de J\u00fapiter \u2192 Esp\u00edrito generoso, ambi\u00e7\u00e3o elevada e desejo de grandeza.<\/p>\n\n\n\n<h5 class=\"wp-block-heading\" style=\"letter-spacing:1px\">Patchouli<\/h5>\n\n\n\n<p style=\"letter-spacing:1px\">Aroma da abund\u00e2ncia e magnetismo. Transmite autoridade e expans\u00e3o.<\/p>\n\n\n\n<h4 class=\"wp-block-heading\" style=\"letter-spacing:1px\">3.\u00ba decanato (13\u201322 de Agosto)<\/h4>\n\n\n\n<p style=\"letter-spacing:1px\">Reg\u00eancia de Marte \u2192 Intensidade de ac\u00e7\u00e3o, lideran\u00e7a assertiva e forte energia criativa.<\/p>\n\n\n\n<h5 class=\"wp-block-heading\" style=\"letter-spacing:1px\">Orqu\u00eddea selvagem<\/h5>\n\n\n\n<p style=\"letter-spacing:1px\">Sensualidade intensa, criatividade exuberante.<\/p>\n\n\n\n<hr class=\"wp-block-separator has-alpha-channel-opacity\"\/>\n\n\n\n<h3 class=\"wp-block-heading\" style=\"letter-spacing:1px\"><strong>\u264d Virgem<\/strong> \u2013 <strong>A Ess\u00eancia da Pureza <\/strong><\/h3>\n\n\n\n<h4 class=\"wp-block-heading\" style=\"letter-spacing:1px\">1.\u00ba decanato (23 de Agosto \u2013 2 de Setembro)<\/h4>\n\n\n\n<p style=\"letter-spacing:1px\">Reg\u00eancia de Merc\u00fario \u2192 Mente anal\u00edtica, perfeccionismo e destreza intelectual.<\/p>\n\n\n\n<h5 class=\"wp-block-heading\" style=\"letter-spacing:1px\">Capim-lim\u00e3o<\/h5>\n\n\n\n<p style=\"letter-spacing:1px\">Clareza, foco e simplicidade pr\u00e1tica.<\/p>\n\n\n\n<h4 class=\"wp-block-heading\" style=\"letter-spacing:1px\">2.\u00ba decanato (3\u201312 de Setembro)<\/h4>\n\n\n\n<p style=\"letter-spacing:1px\">Reg\u00eancia de Saturno \u2192 Pragmatismo, paci\u00eancia e forte capacidade de organiza\u00e7\u00e3o.<\/p>\n\n\n\n<h5 class=\"wp-block-heading\" style=\"letter-spacing:1px\">Cedro<\/h5>\n\n\n\n<p style=\"letter-spacing:1px\">Estrutura interior e equil\u00edbrio sereno. Estabilidade emocional.<\/p>\n\n\n\n<h4 class=\"wp-block-heading\" style=\"letter-spacing:1px\">3.\u00ba decanato (13\u201322 de Setembro)<\/h4>\n\n\n\n<p style=\"letter-spacing:1px\">Reg\u00eancia de V\u00e9nus \u2192 Habilidade est\u00e9tica, diplomacia e refinamento nas interac\u00e7\u00f5es.<\/p>\n\n\n\n<h5 class=\"wp-block-heading\" style=\"letter-spacing:1px\">L\u00edrio Branco<\/h5>\n\n\n\n<p style=\"letter-spacing:1px\">Pureza, perfei\u00e7\u00e3o est\u00e9tica e devo\u00e7\u00e3o ao detalhe.<\/p>\n\n\n\n<hr class=\"wp-block-separator has-alpha-channel-opacity\"\/>\n\n\n\n<h3 class=\"wp-block-heading\" style=\"letter-spacing:1px\"><strong>\u264e Balan\u00e7a<\/strong> \u2013 <strong>O Perfume da Harmonia <\/strong><\/h3>\n\n\n\n<h4 class=\"wp-block-heading\" style=\"letter-spacing:1px\">1.\u00ba decanato (23 de Setembro \u2013 2 de Outubro)<\/h4>\n\n\n\n<p style=\"letter-spacing:1px\">Reg\u00eancia de V\u00e9nus \u2192 Beleza natural, encanto social e desejo por harmonia.<\/p>\n\n\n\n<h5 class=\"wp-block-heading\" style=\"letter-spacing:1px\">Rosa<\/h5>\n\n\n\n<p style=\"letter-spacing:1px\">Beleza cl\u00e1ssica, harmonia e encanto social.<\/p>\n\n\n\n<h4 class=\"wp-block-heading\" style=\"letter-spacing:1px\">2.\u00ba decanato (3\u201312 de Outubro)<\/h4>\n\n\n\n<p style=\"letter-spacing:1px\">Reg\u00eancia de Urano \u2192 Mente inovadora, necessidade de liberdade nos relacionamentos e senso de justi\u00e7a agu\u00e7ado.<\/p>\n\n\n\n<h5 class=\"wp-block-heading\" style=\"letter-spacing:1px\">Ma\u00e7\u00e3 Verde<\/h5>\n\n\n\n<p style=\"letter-spacing:1px\">Refrescante, surpreendente, desperta novas perspectivas.<\/p>\n\n\n\n<h4 class=\"wp-block-heading\" style=\"letter-spacing:1px\">3.\u00ba decanato (13\u201322 de Outubro)<\/h4>\n\n\n\n<p style=\"letter-spacing:1px\">Reg\u00eancia de Merc\u00fario \u2192 Comunica\u00e7\u00e3o habilidosa, diplomacia e talento art\u00edstico.<\/p>\n\n\n\n<h5 class=\"wp-block-heading\" style=\"letter-spacing:1px\">Jasmim<\/h5>\n\n\n\n<p style=\"letter-spacing:1px\">Delicadeza, diplomacia e sofistica\u00e7\u00e3o est\u00e9tica.<\/p>\n\n\n\n<hr class=\"wp-block-separator has-alpha-channel-opacity\"\/>\n\n\n\n<h3 class=\"wp-block-heading\" style=\"letter-spacing:1px\"><strong>\u264f Escorpi\u00e3o<\/strong> \u2013 <strong>A Profundidade e o Mist\u00e9rio <\/strong><\/h3>\n\n\n\n<h4 class=\"wp-block-heading\" style=\"letter-spacing:1px\">1.\u00ba decanato (23 de Outubro \u2013 1 de Novembro)<\/h4>\n\n\n\n<p style=\"letter-spacing:1px\">Reg\u00eancia de Plut\u00e3o \u2192 Intensidade emocional extrema, profundidade ps\u00edquica e magnetismo pessoal.<\/p>\n\n\n\n<h5 class=\"wp-block-heading\" style=\"letter-spacing:1px\">Ameixa Negra<\/h5>\n\n\n\n<p style=\"letter-spacing:1px\">Intensidade emocional, sensualidade profunda e transforma\u00e7\u00e3o.<\/p>\n\n\n\n<h4 class=\"wp-block-heading\" style=\"letter-spacing:1px\">2.\u00ba decanato (2\u201311 de Novembro)<\/h4>\n\n\n\n<p style=\"letter-spacing:1px\">Reg\u00eancia de Neptuno \u2192 Sensibilidade espiritual, conex\u00e3o com mist\u00e9rios e criatividade elevada.<\/p>\n\n\n\n<h5 class=\"wp-block-heading\" style=\"letter-spacing:1px\">Tuberosa<\/h5>\n\n\n\n<p style=\"letter-spacing:1px\">Mist\u00e9rio, fasc\u00ednio oculto e espiritualidade transcendente.<\/p>\n\n\n\n<h4 class=\"wp-block-heading\" style=\"letter-spacing:1px\">3.\u00ba decanato (12\u201321 de Novembro)<\/h4>\n\n\n\n<p style=\"letter-spacing:1px\">Reg\u00eancia da Lua \u2192 Emo\u00e7\u00f5es poderosas, liga\u00e7\u00e3o com o passado e protec\u00e7\u00e3o feroz aos entes queridos.<\/p>\n\n\n\n<h5 class=\"wp-block-heading\" style=\"letter-spacing:1px\">Mirra<\/h5>\n\n\n\n<p style=\"letter-spacing:1px\">Ritual, liga\u00e7\u00e3o com o inconsciente e alquimia emocional.<\/p>\n\n\n\n<hr class=\"wp-block-separator has-alpha-channel-opacity\"\/>\n\n\n\n<h3 class=\"wp-block-heading\" style=\"letter-spacing:1px\"><strong>\u2650 Sagit\u00e1rio<\/strong> \u2013 <strong>A Ess\u00eancia da Aventura <\/strong><\/h3>\n\n\n\n<h4 class=\"wp-block-heading\" style=\"letter-spacing:1px\">1.\u00ba decanato (22 de Novembro \u2013 1 de Dezembro)<\/h4>\n\n\n\n<p style=\"letter-spacing:1px\">Reg\u00eancia de J\u00fapiter \u2192 Optimismo contagiante, desejo de aventura e sede de conhecimento.<\/p>\n\n\n\n<h5 class=\"wp-block-heading\" style=\"letter-spacing:1px\">Zimbro<\/h5>\n\n\n\n<p style=\"letter-spacing:1px\">Liberdade, conex\u00e3o com a natureza, impulso explorador.<\/p>\n\n\n\n<h4 class=\"wp-block-heading\" style=\"letter-spacing:1px\">2.\u00ba decanato (2\u201311 de Dezembro)<\/h4>\n\n\n\n<p style=\"letter-spacing:1px\">Reg\u00eancia de Marte \u2192 Energia inquieta, esp\u00edrito combativo e paix\u00e3o pela liberdade.<\/p>\n\n\n\n<h5 class=\"wp-block-heading\" style=\"letter-spacing:1px\">Noz-moscada<\/h5>\n\n\n\n<p style=\"letter-spacing:1px\">Paix\u00e3o pelo conhecimento, fervor idealista.<\/p>\n\n\n\n<h4 class=\"wp-block-heading\" style=\"letter-spacing:1px\">3.\u00ba decanato (12\u201321 de Dezembro)<\/h4>\n\n\n\n<p style=\"letter-spacing:1px\">Reg\u00eancia do Sol \u2192 Brilho pessoal, carisma e desejo de liderar pelo exemplo.<\/p>\n\n\n\n<h5 class=\"wp-block-heading\" style=\"letter-spacing:1px\">A\u00e7afr\u00e3o<\/h5>\n\n\n\n<p style=\"letter-spacing:1px\">Sabedoria, ilumina\u00e7\u00e3o e expans\u00e3o da consci\u00eancia.<\/p>\n\n\n\n<hr class=\"wp-block-separator has-alpha-channel-opacity\"\/>\n\n\n\n<h3 class=\"wp-block-heading\" style=\"letter-spacing:1px\"><strong>\u2651 Capric\u00f3rnio<\/strong> \u2013 <strong>O Aroma da For\u00e7a e da Tradi\u00e7\u00e3o <\/strong><\/h3>\n\n\n\n<h4 class=\"wp-block-heading\" style=\"letter-spacing:1px\">1.\u00ba decanato (22\u201331 de Dezembro)<\/h4>\n\n\n\n<p style=\"letter-spacing:1px\">Reg\u00eancia de Saturno \u2192 Disciplina f\u00e9rrea, ambi\u00e7\u00e3o controlada e resist\u00eancia aos desafios.<\/p>\n\n\n\n<h5 class=\"wp-block-heading\" style=\"letter-spacing:1px\">Incenso<\/h5>\n\n\n\n<p style=\"letter-spacing:1px\">Tradi\u00e7\u00e3o, respeito, eleva\u00e7\u00e3o espiritual com sobriedade.<\/p>\n\n\n\n<h4 class=\"wp-block-heading\" style=\"letter-spacing:1px\">2.\u00ba decanato (1\u201310 de Janeiro)<\/h4>\n\n\n\n<p style=\"letter-spacing:1px\">Reg\u00eancia de V\u00e9nus \u2192 Valoriza\u00e7\u00e3o das tradi\u00e7\u00f5es, procura por estabilidade e senso est\u00e9tico refinado.<\/p>\n\n\n\n<h5 class=\"wp-block-heading\" style=\"letter-spacing:1px\">Rosa negra<\/h5>\n\n\n\n<p style=\"letter-spacing:1px\">Profundidade emocional, dignidade, mist\u00e9rio disciplinado.<\/p>\n\n\n\n<h4 class=\"wp-block-heading\" style=\"letter-spacing:1px\">3.\u00ba decanato (11\u201319 de Janeiro)<\/h4>\n\n\n\n<p style=\"letter-spacing:1px\">Reg\u00eancia de Merc\u00fario \u2192 Intelig\u00eancia estrat\u00e9gica, habilidade de planeamento e mente pragm\u00e1tica.<\/p>\n\n\n\n<h5 class=\"wp-block-heading\" style=\"letter-spacing:1px\">Vetiver<\/h5>\n\n\n\n<p style=\"letter-spacing:1px\">Enraizamento, for\u00e7a e reflex\u00e3o intelectual.<\/p>\n\n\n\n<hr class=\"wp-block-separator has-alpha-channel-opacity\"\/>\n\n\n\n<h3 class=\"wp-block-heading\" style=\"letter-spacing:1px\"><strong>\u2652 Aqu\u00e1rio<\/strong> \u2013 <strong>A Revolu\u00e7\u00e3o Olfactiva <\/strong><\/h3>\n\n\n\n<h4 class=\"wp-block-heading\" style=\"letter-spacing:1px\">1.\u00ba decanato (20\u201329 de Janeiro)<\/h4>\n\n\n\n<p style=\"letter-spacing:1px\">Reg\u00eancia de Urano \u2192 Esp\u00edrito revolucion\u00e1rio, criatividade radical e independ\u00eancia.<\/p>\n\n\n\n<h5 class=\"wp-block-heading\" style=\"letter-spacing:1px\">Hortel\u00e3<\/h5>\n\n\n\n<p style=\"letter-spacing:1px\">Frescor, renova\u00e7\u00e3o e inova\u00e7\u00e3o inesperada.<\/p>\n\n\n\n<h4 class=\"wp-block-heading\" style=\"letter-spacing:1px\">2.\u00ba decanato (30 de Janeiro \u2013 8 de Fevereiro)<\/h4>\n\n\n\n<p style=\"letter-spacing:1px\">Reg\u00eancia de Merc\u00fario \u2192 Mente inventiva, comunica\u00e7\u00e3o \u00fanica e pensamento \u00e0 frente do tempo.<\/p>\n\n\n\n<h5 class=\"wp-block-heading\" style=\"letter-spacing:1px\">Genciana<\/h5>\n\n\n\n<p style=\"letter-spacing:1px\">For\u00e7a interior, intui\u00e7\u00e3o e eleva\u00e7\u00e3o do pensamento. Simboliza a procura do conhecimento profundo e a coragem para questionar.<\/p>\n\n\n\n<h4 class=\"wp-block-heading\" style=\"letter-spacing:1px\">3.\u00ba decanato (9\u201318 de Fevereiro)<\/h4>\n\n\n\n<p style=\"letter-spacing:1px\">Reg\u00eancia de V\u00e9nus \u2192 Idealismo rom\u00e2ntico, senso de harmonia global e procura por justi\u00e7a social.<\/p>\n\n\n\n<h5 class=\"wp-block-heading\" style=\"letter-spacing:1px\">Musk branco<\/h5>\n\n\n\n<p style=\"letter-spacing:1px\">Et\u00e9reo, distanciamento afectivo e sensualidade subtil.<\/p>\n\n\n\n<hr class=\"wp-block-separator has-alpha-channel-opacity\"\/>\n\n\n\n<h3 class=\"wp-block-heading\" style=\"letter-spacing:1px\"><strong>\u2653 Peixes<\/strong> \u2013 <strong>O Sonho Olfactivo<\/strong><\/h3>\n\n\n\n<h4 class=\"wp-block-heading\" style=\"letter-spacing:1px\">1.\u00ba decanato (19\u201328 de Fevereiro)<\/h4>\n\n\n\n<p style=\"letter-spacing:1px\">Reg\u00eancia de Neptuno \u2192 Sensibilidade extrema, conex\u00e3o com o invis\u00edvel e natureza sonhadora.<\/p>\n\n\n\n<h5 class=\"wp-block-heading\" style=\"letter-spacing:1px\">Violeta<\/h5>\n\n\n\n<p style=\"letter-spacing:1px\">Inoc\u00eancia espiritual, o ref\u00fagio no invis\u00edvel, a emo\u00e7\u00e3o contida, a delicadeza da alma a despertar.<\/p>\n\n\n\n<h4 class=\"wp-block-heading\" style=\"letter-spacing:1px\">2.\u00ba decanato (1\u201310 de Mar\u00e7o)<\/h4>\n\n\n\n<p style=\"letter-spacing:1px\">Reg\u00eancia da Lua \u2192 Emo\u00e7\u00f5es profundas, imagina\u00e7\u00e3o f\u00e9rtil e forte v\u00ednculo com o inconsciente colectivo.<\/p>\n\n\n\n<h5 class=\"wp-block-heading\" style=\"letter-spacing:1px\">Pe\u00f3nia<\/h5>\n\n\n\n<p style=\"letter-spacing:1px\">Mist\u00e9rio feminino, abund\u00e2ncia emocional, cura, beleza c\u00edclica e generosidade compassiva.<\/p>\n\n\n\n<h4 class=\"wp-block-heading\" style=\"letter-spacing:1px\">3.\u00ba decanato (11\u201320 de Mar\u00e7o)<\/h4>\n\n\n\n<p style=\"letter-spacing:1px\">Reg\u00eancia de Plut\u00e3o \u2192 Introspec\u00e7\u00e3o poderosa, transforma\u00e7\u00e3o espiritual e procura pela verdade oculta.<\/p>\n\n\n\n<h5 class=\"wp-block-heading\" style=\"letter-spacing:1px\">Flor de Laranjeira<\/h5>\n\n\n\n<p style=\"letter-spacing:1px\">Pureza espiritual, amor incondicional e \u00e0 rendi\u00e7\u00e3o emocional. O sussurro do divino, simbolizando o limiar entre o mundo material e o espiritual<\/p>\n\n\n\n<hr class=\"wp-block-separator has-alpha-channel-opacity\"\/>\n\n\n\n<p style=\"letter-spacing:1px\">Este Jardim Zodiacal n\u00e3o pretende ser definitivo, mas sim uma fonte de inspira\u00e7\u00e3o e contempla\u00e7\u00e3o. Ao reconhecermos o nosso decanato floral, somos convidados a conectar-nos com uma ess\u00eancia natural que nos pode guiar, equilibrar e florir desde dentro.<\/p>\n\n\n\n<p class=\"has-text-align-left\" style=\"letter-spacing:1px\">Como disse Rainer Maria Rilke:<\/p>\n\n\n\n<blockquote class=\"wp-block-quote has-text-align-right is-layout-flow wp-block-quote-is-layout-flow\">\n<p style=\"letter-spacing:1px\">\u201cA verdadeira p\u00e1tria do homem \u00e9 a inf\u00e2ncia e o jardim\u201d.<\/p>\n<\/blockquote>\n\n\n\n<p style=\"letter-spacing:1px\">Talvez a astrologia seja o mapa para esse jardim interior onde tudo canta e se renova. Estas flores n\u00e3o s\u00e3o apenas s\u00edmbolos: s\u00e3o portais olfactivos para qualidades arquet\u00edpicas. Escolher uma flor ou fragr\u00e2ncia associada ao teu decanato pode fortalecer a liga\u00e7\u00e3o com a tua ess\u00eancia e inspirar um caminho mais alinhado com o teu ser mais profundo. Que flor ressoa contigo?<\/p>\n","protected":false},"excerpt":{"rendered":"<p>Descobre a rela\u00e7\u00e3o entre flores, fragr\u00e2ncias e os decanatos de cada signo. Uma viagem simb\u00f3lica e sensorial atrav\u00e9s da astrologia neohumanista que conecta aromas, arqu\u00e9tipos e ess\u00eancia espiritual. Alinha-te com a tua natureza profunda.<\/p>\n","protected":false},"author":1,"featured_media":775,"comment_status":"closed","ping_status":"open","sticky":false,"template":"","format":"standard","meta":{"_et_pb_use_builder":"off","_et_pb_old_content":"","_et_gb_content_width":"","advanced_seo_description":"","jetpack_seo_html_title":"","jetpack_seo_noindex":false,"_jetpack_memberships_contains_paid_content":false,"footnotes":"","jetpack_publicize_message":"","jetpack_publicize_feature_enabled":true,"jetpack_social_post_already_shared":true,"jetpack_social_options":{"image_generator_settings":{"template":"highway","default_image_id":0,"enabled":false},"version":2}},"categories":[313],"tags":[304,294,298,309,73,305,311,295,307,54,306,297,296,303,30,312,29,308,300,299,302,310,301],"class_list":["post-771","post","type-post","status-publish","format-standard","has-post-thumbnail","hentry","category-tradicoes","tag-aromaterapia-astrologica","tag-astrologia-e-flores","tag-astrologia-esoterica","tag-astrologia-holistica","tag-astrologia-neohumanista","tag-astrologia-poetica","tag-astrologia-simbolica","tag-decanatos-do-zodiaco","tag-energia-floral","tag-espiritualidade","tag-essencias-zodiacais","tag-flor-de-cada-signo","tag-flores-dos-signos","tag-fragrancias-zodiacais","tag-janelas_dalma","tag-ligacao-flores-signos","tag-luismigueldantas","tag-mapa-astral-floral","tag-perfume-do-decanato","tag-perfume-e-astrologia","tag-signos-do-zodiaco-e-flores","tag-signos-e-perfumes","tag-simbolismo-floral"],"jetpack_publicize_connections":[],"jetpack_featured_media_url":"https:\/\/i0.wp.com\/luismigueldantas.com\/wp-content\/uploads\/2025\/07\/jardim.png?fit=1024%2C1024&ssl=1","jetpack_sharing_enabled":true,"_links":{"self":[{"href":"https:\/\/luismigueldantas.com\/index.php\/wp-json\/wp\/v2\/posts\/771","targetHints":{"allow":["GET"]}}],"collection":[{"href":"https:\/\/luismigueldantas.com\/index.php\/wp-json\/wp\/v2\/posts"}],"about":[{"href":"https:\/\/luismigueldantas.com\/index.php\/wp-json\/wp\/v2\/types\/post"}],"author":[{"embeddable":true,"href":"https:\/\/luismigueldantas.com\/index.php\/wp-json\/wp\/v2\/users\/1"}],"replies":[{"embeddable":true,"href":"https:\/\/luismigueldantas.com\/index.php\/wp-json\/wp\/v2\/comments?post=771"}],"version-history":[{"count":13,"href":"https:\/\/luismigueldantas.com\/index.php\/wp-json\/wp\/v2\/posts\/771\/revisions"}],"predecessor-version":[{"id":787,"href":"https:\/\/luismigueldantas.com\/index.php\/wp-json\/wp\/v2\/posts\/771\/revisions\/787"}],"wp:featuredmedia":[{"embeddable":true,"href":"https:\/\/luismigueldantas.com\/index.php\/wp-json\/wp\/v2\/media\/775"}],"wp:attachment":[{"href":"https:\/\/luismigueldantas.com\/index.php\/wp-json\/wp\/v2\/media?parent=771"}],"wp:term":[{"taxonomy":"category","embeddable":true,"href":"https:\/\/luismigueldantas.com\/index.php\/wp-json\/wp\/v2\/categories?post=771"},{"taxonomy":"post_tag","embeddable":true,"href":"https:\/\/luismigueldantas.com\/index.php\/wp-json\/wp\/v2\/tags?post=771"}],"curies":[{"name":"wp","href":"https:\/\/api.w.org\/{rel}","templated":true}]}}