{"id":890,"date":"2025-10-09T14:17:31","date_gmt":"2025-10-09T14:17:31","guid":{"rendered":"https:\/\/luismigueldantas.com\/?p=890"},"modified":"2025-10-09T14:17:38","modified_gmt":"2025-10-09T14:17:38","slug":"a-ayurveda","status":"publish","type":"post","link":"https:\/\/luismigueldantas.com\/index.php\/2025\/10\/09\/a-ayurveda\/","title":{"rendered":"A Ayurveda"},"content":{"rendered":"\n<h3 class=\"wp-block-heading\" style=\"letter-spacing:1px\">Um Convite \u00e0 Harmonia e \u00e0 Plenitude<\/h3>\n\n\n\n<p style=\"letter-spacing:1px\">Na profundidade da <strong>sabedoria milenar<\/strong> da Ayurveda, n\u00f3s, apaixonados por uma vida plena, encontramos um convite vibrante para dan\u00e7ar em harmonia com a nossa <strong>ess\u00eancia<\/strong> e com a <strong>natureza<\/strong>. Esta <strong>ci\u00eancia da vida<\/strong>, nascida da intui\u00e7\u00e3o dos Rishis, os videntes da tradi\u00e7\u00e3o v\u00e9dica, ensina-nos que a <strong>consci\u00eancia<\/strong> \u00e9 a energia que se manifesta nos <strong>cinco elementos<\/strong>, \u00c9ter, Ar, Fogo, \u00c1gua e Terra. A <strong>sa\u00fade plena<\/strong>, para a Ayurveda, \u00e9 o reflexo de um <strong>equil\u00edbrio din\u00e2mico<\/strong> entre <strong>corpo, mente e esp\u00edrito<\/strong>. Vamos, juntos, mergulhar neste caminho de <strong>longevidade<\/strong>, <strong>alegria<\/strong> e <strong>bem-estar<\/strong>, que nos reconecta \u00e0 nossa <strong>verdadeira natureza<\/strong>!<\/p>\n\n\n\n<h3 class=\"wp-block-heading\" style=\"letter-spacing:1px\">As Ra\u00edzes da Ayurveda: Um Tesouro Intemporal<\/h3>\n\n\n\n<p style=\"letter-spacing:1px\">A Ayurveda, com ra\u00edzes nos <strong>Vedas<\/strong>, os textos sagrados mais antigos da humanidade, \u00e9 um pilar do <strong>conhecimento v\u00e9dico<\/strong> que ilumina a vida, a sa\u00fade e o caminho espiritual. Integrada no <strong><em>Atharva Veda<\/em><\/strong>, compilado pelo s\u00e1bio Vyasa, a palavra <strong>Ayurveda<\/strong>, que une <strong>Ayur<\/strong> (vida) e <strong>Veda<\/strong> (conhecimento), traduz-se como a <strong>ci\u00eancia da vida<\/strong>. Este sistema hol\u00edstico abra\u00e7a <strong>plantas medicinais<\/strong>, <strong>dieta equilibrada<\/strong>, <strong>massoterapia<\/strong>, <strong>aromaterapia<\/strong>, <strong>gemoterapia<\/strong>, <strong>astrologia v\u00e9dica<\/strong>, al\u00e9m de pr\u00e1ticas como <strong>cirurgia<\/strong> e <strong>psicologia<\/strong>. Desde a \u00cdndia, esta sabedoria espalhou-se pelo mundo, inspirando filosofias e medicinas tradicionais que procuram a <strong>harmonia integral<\/strong>. Convido-vos a explora este legado que transcende o tempo!<\/p>\n\n\n\n<h3 class=\"wp-block-heading\" style=\"letter-spacing:1px\">O Fluxo do Prana: A Chama da Vitalidade<\/h3>\n\n\n\n<p style=\"letter-spacing:1px\">Na vis\u00e3o da Ayurveda, o <strong>Prana<\/strong>, a <strong>energia vital<\/strong> que pulsa em cada c\u00e9lula, \u00e9 o alicerce da nossa sa\u00fade. Experi\u00eancias negativas, como o <strong>stress<\/strong> ou as <strong>impurezas<\/strong>, perturbam este fluxo, criando <strong>desequil\u00edbrios<\/strong> nos <strong>tr\u00eas doshas<\/strong> (humores), <strong>Vata<\/strong>, <strong>Pitta<\/strong> e <strong>Kapha<\/strong>, que moldam a nossa constitui\u00e7\u00e3o f\u00edsica, mental e emocional. Compreender e equilibrar os <strong>doshas<\/strong> \u00e9 essencial para restaurar a <strong>conex\u00e3o \u00edntima<\/strong> entre corpo, mente e alma. Num mundo acelerado, todos n\u00f3s ansiamos por uma <strong>digest\u00e3o saud\u00e1vel<\/strong>, um <strong>sono reparador<\/strong>, uma <strong>mente clara<\/strong> e um <strong>cora\u00e7\u00e3o leve<\/strong>. A Ayurveda oferece-nos <strong>ferramentas pr\u00e1ticas<\/strong> para alcan\u00e7ar este equil\u00edbrio, guiando-nos num caminho de <strong>autoconsci\u00eancia<\/strong> e <strong>plenitude<\/strong>.<\/p>\n\n\n\n<h3 class=\"wp-block-heading\" style=\"letter-spacing:1px\">Purusha e Prakriti: A Dan\u00e7a C\u00f3smica da Vida<\/h3>\n\n\n\n<p style=\"letter-spacing:1px\">A filosofia v\u00e9dica ensina-nos que a vida nasce da uni\u00e3o entre <strong>Purusha<\/strong>, a <strong>consci\u00eancia superior<\/strong>, o esp\u00edrito eterno, e <strong>Prakriti<\/strong>, a <strong>energia criativa<\/strong> que d\u00e1 forma ao universo material. Desta dan\u00e7a surge a <strong>Intelig\u00eancia C\u00f3smica<\/strong> (<em>Mahat<\/em>), que se manifesta em n\u00f3s como o <strong>Eu Superior<\/strong> (<em>Buddhi<\/em>), a capacidade de discernir a verdade e caminhar rumo \u00e0 <strong>ilumina\u00e7\u00e3o<\/strong>. Contudo, ao interagirmos com o mundo, criamos o <strong>Ego<\/strong> (<em>Ahamkara<\/em>), que gera a <strong>mente condicionada<\/strong> (<em>Manas<\/em>), o espa\u00e7o dos pensamentos limitados e da ilus\u00e3o de separa\u00e7\u00e3o. Atrav\u00e9s dos <strong>cinco sentidos<\/strong>, conectamo-nos com os <strong>elementos<\/strong>, construindo a nossa identidade. O convite da Ayurveda \u00e9 reconduzir-nos \u00e0 nossa <strong>ess\u00eancia verdadeira<\/strong>, superando as limita\u00e7\u00f5es do ego e despertando para a <strong>unidade da vida<\/strong>.<\/p>\n\n\n\n<h3 class=\"wp-block-heading\" style=\"letter-spacing:1px\">Sa\u00fade: Um Estado de Plenitude e Harmonia<\/h3>\n\n\n\n<p style=\"letter-spacing:1px\">Na Ayurveda, a <strong>sa\u00fade<\/strong> n\u00e3o \u00e9 apenas a aus\u00eancia de doen\u00e7a, mas um estado de <strong>harmonia<\/strong>, <strong>felicidade<\/strong> e <strong>plenitude<\/strong>. Alcan\u00e7amo-lo quando vivemos em <strong>sintonia com a natureza<\/strong>, equilibrando os <strong>cinco sentidos<\/strong>, integrando <strong>corpo e mente<\/strong>, e cultivando uma <strong>disciplina di\u00e1ria<\/strong> que nos nutre em todas as fases da vida. A Ayurveda \u00e9 um convite \u00e0 <strong>responsabilidade pessoal<\/strong>, incentivando-nos a tomar as r\u00e9deas da nossa sa\u00fade com <strong>consci\u00eancia<\/strong>, <strong>inten\u00e7\u00e3o<\/strong> e <strong>alegria<\/strong>. Vamos abra\u00e7ar este caminho, que nos guia para uma vida vibrante e equilibrada!<\/p>\n\n\n\n<h3 class=\"wp-block-heading\" style=\"letter-spacing:1px\">Viver em Plenitude<\/h3>\n\n\n\n<p style=\"letter-spacing:1px\">A Ayurveda \u00e9 mais do que uma ci\u00eancia, \u00e9 um <strong>estilo de vida<\/strong> que nos convida a dan\u00e7ar com a <strong>exist\u00eancia<\/strong>, em harmonia com a nossa <strong>ess\u00eancia<\/strong> e com o <strong>universo<\/strong>. Ao abra\u00e7armos esta <strong>sabedoria ancestral<\/strong>, reconquistamos a <strong>sa\u00fade<\/strong>, a <strong>alegria<\/strong> e a <strong>longevidade<\/strong>, vivendo cada momento com <strong>vitalidade<\/strong> e <strong>entusiasmo<\/strong>. Convido-vos a acolher este caminho, assumindo a responsabilidade pela vossa sa\u00fade e celebrando a <strong>plenitude<\/strong> que a Ayurveda nos oferece. Juntos, vamos descobrir a beleza de viver em equil\u00edbrio!<\/p>\n","protected":false},"excerpt":{"rendered":"<p>Descubra a Ayurveda, a sabedoria milenar que promove sa\u00fade, equil\u00edbrio, longevidade e harmonia com a natureza, equilibrando o corpo, mente e esp\u00edrito, atrav\u00e9s de pr\u00e1ticas como dieta, massagens terap\u00eauticas, yoga, medita\u00e7\u00e3o e pr\u00e1ticas conscientes.<\/p>\n","protected":false},"author":1,"featured_media":891,"comment_status":"closed","ping_status":"open","sticky":false,"template":"","format":"standard","meta":{"_et_pb_use_builder":"off","_et_pb_old_content":"","_et_gb_content_width":"","advanced_seo_description":"","jetpack_seo_html_title":"","jetpack_seo_noindex":false,"_jetpack_memberships_contains_paid_content":false,"footnotes":"","jetpack_publicize_message":"","jetpack_publicize_feature_enabled":true,"jetpack_social_post_already_shared":true,"jetpack_social_options":{"image_generator_settings":{"template":"highway","default_image_id":0,"enabled":false},"version":2}},"categories":[348],"tags":[535,350,354,441,69,440,27,43,54,443,30,444,29,100,534,532,442,533,531,530,416],"class_list":["post-890","post","type-post","status-publish","format-standard","has-post-thumbnail","hentry","category-ayurveda","tag-autoconsciencia","tag-ayurveda","tag-bem-estar","tag-ciencia-da-vida","tag-consciencia","tag-doshas","tag-equilibrio","tag-espiritual","tag-espiritualidade","tag-harmonia","tag-janelas_dalma","tag-longevidade","tag-luismigueldantas","tag-meditacao","tag-natureza","tag-prakriti","tag-prana","tag-purusha","tag-sabedoria-milenar","tag-saude-plena","tag-yoga"],"jetpack_publicize_connections":[],"jetpack_featured_media_url":"https:\/\/i0.wp.com\/luismigueldantas.com\/wp-content\/uploads\/2025\/08\/ayurveda.png?fit=1536%2C1024&ssl=1","jetpack_sharing_enabled":true,"_links":{"self":[{"href":"https:\/\/luismigueldantas.com\/index.php\/wp-json\/wp\/v2\/posts\/890","targetHints":{"allow":["GET"]}}],"collection":[{"href":"https:\/\/luismigueldantas.com\/index.php\/wp-json\/wp\/v2\/posts"}],"about":[{"href":"https:\/\/luismigueldantas.com\/index.php\/wp-json\/wp\/v2\/types\/post"}],"author":[{"embeddable":true,"href":"https:\/\/luismigueldantas.com\/index.php\/wp-json\/wp\/v2\/users\/1"}],"replies":[{"embeddable":true,"href":"https:\/\/luismigueldantas.com\/index.php\/wp-json\/wp\/v2\/comments?post=890"}],"version-history":[{"count":3,"href":"https:\/\/luismigueldantas.com\/index.php\/wp-json\/wp\/v2\/posts\/890\/revisions"}],"predecessor-version":[{"id":943,"href":"https:\/\/luismigueldantas.com\/index.php\/wp-json\/wp\/v2\/posts\/890\/revisions\/943"}],"wp:featuredmedia":[{"embeddable":true,"href":"https:\/\/luismigueldantas.com\/index.php\/wp-json\/wp\/v2\/media\/891"}],"wp:attachment":[{"href":"https:\/\/luismigueldantas.com\/index.php\/wp-json\/wp\/v2\/media?parent=890"}],"wp:term":[{"taxonomy":"category","embeddable":true,"href":"https:\/\/luismigueldantas.com\/index.php\/wp-json\/wp\/v2\/categories?post=890"},{"taxonomy":"post_tag","embeddable":true,"href":"https:\/\/luismigueldantas.com\/index.php\/wp-json\/wp\/v2\/tags?post=890"}],"curies":[{"name":"wp","href":"https:\/\/api.w.org\/{rel}","templated":true}]}}